


{"id":52957,"date":"2024-11-26T11:42:46","date_gmt":"2024-11-26T09:42:46","guid":{"rendered":"https:\/\/www.fyb.de\/ambienta-continues-growth-course-with-sustainable-credit-fund\/"},"modified":"2024-11-27T13:43:50","modified_gmt":"2024-11-27T11:43:50","slug":"ambienta-continues-growth-course-with-sustainable-credit-fund","status":"publish","type":"post","link":"https:\/\/www.fyb.de\/en\/ambienta-continues-growth-course-with-sustainable-credit-fund\/","title":{"rendered":"Ambienta continues growth course with sustainable credit fund"},"content":{"rendered":"<p>Milan\/London\/Paris\/Munich \u2014 Ambi\u00adenta SGR SpA (\u201cAmbi\u00adenta\u201d), one of Euro\u00adpe\u2019s largest and leading asset mana\u00adgers focu\u00adsed on envi\u00adron\u00admen\u00adtal sustaina\u00adbi\u00adlity, has been iden\u00adti\u00adfy\u00ading compel\u00adling invest\u00adment oppor\u00adtu\u00adni\u00adties in private credit since announ\u00adcing the first closing of the <em>Ambi\u00adenta Sustainable Credit Oppor\u00adtu\u00adni\u00adties fund<\/em> (\u201cAmbi\u00adenta Credit\u201d) in Janu\u00adary this year. Ambi\u00adenta Credit has scree\u00adned over 200 tran\u00adsac\u00adtions since the begin\u00adning of the year and has inves\u00adted in six tran\u00adsac\u00adtions. The strong inte\u00adrest from compa\u00adnies, manage\u00adment teams and owners vali\u00adda\u00adtes Ambi\u00aden\u00adta\u2019s approach of provi\u00adding borro\u00adwers with insight and exper\u00adtise on envi\u00adron\u00admen\u00adtal sustaina\u00adbi\u00adlity, coupled with prudent and market-driven credit evalua\u00adtion. The strong commit\u00adment has been supported by the recruit\u00adment of expe\u00adri\u00aden\u00adced profes\u00adsio\u00adnals with language and struc\u00adtu\u00adring skills, cove\u00adring all major Euro\u00adpean markets and coming from leading private credit insti\u00adtu\u00adti\u00adons. This comple\u00adtes the build-up of the eight-strong team. Ambi\u00adenta Credi\u00adt\u2019s port\u00adfo\u00adlio curr\u00adently consists of estab\u00adlished compa\u00adnies with average double-digit EBITDA margins and average annual reve\u00adnue growth of over 10 percent, loca\u00adted in various Euro\u00adpean regi\u00adons (Germany, France, UK, Italy and Ireland). The tran\u00adsac\u00adtions cover various sectors, inclu\u00adding water equip\u00adment, rail main\u00adten\u00adance, HVAC systems (heating, venti\u00adla\u00adtion, air condi\u00adtio\u00adning) and house\u00adhold power supply. \u2014 All compa\u00adnies are united by the theme of envi\u00adron\u00admen\u00adtal sustaina\u00adbi\u00adlity as a growth driver. With an <strong>average leverage of 2.8<\/strong>, the port\u00adfo\u00adlio has an average spread over Euri\u00adbor of around 650 basis points[1]. All invest\u00adments are based on the solid sustaina\u00adbi\u00adlity rese\u00adarch of Ambi\u00aden\u00adta\u2019s Sustaina\u00adbi\u00adlity &amp; Stra\u00adtegy team. The team consists of scien\u00adtists and engi\u00adneers who specia\u00adlize in explo\u00adring how envi\u00adron\u00admen\u00adtal sustaina\u00adbi\u00adlity trends are resha\u00adping value chains and entire indus\u00adtries. An exam\u00adple of this synergy is Ambi\u00adenta Credi\u00adt\u2019s invest\u00adment in a company that is redu\u00adcing land\u00adfill waste through its specia\u00adli\u00adzed retail model, lever\u00adaging analy\u00adsis from Ambi\u00aden\u00adta\u2019s recent Sustaina\u00adbi\u00adlity Lens[2] on the topic. Ambi\u00adenta applies its custo\u00admi\u00adzed and thoughtful approach to struc\u00adture two-sided margin ratchets[3] at a signi\u00adfi\u00adcant scale. This promo\u00adtes a commit\u00adment to sustainable, long-term growth and value crea\u00adtion, which is appre\u00adcia\u00adted by the port\u00adfo\u00adlio compa\u00adnies. As a result, the invest\u00adments have a measura\u00adble impact on all port\u00adfo\u00adlio compa\u00adnies, whether through the crea\u00adtion of an ESG report\u00ading frame\u00adwork, support with mate\u00adrial sourcing chal\u00adlenges or the imple\u00admen\u00adta\u00adtion of KPI metrics to measure ESG perfor\u00admance. The port\u00adfo\u00adlio has contri\u00adbu\u00adted to 7 out of 11 of the metrics within Ambi\u00aden\u00adta\u2019s Envi\u00adron\u00admen\u00adtal Impact Analy\u00adsis. For exam\u00adple, 12 million cubic meters of water were saved, which is equi\u00adva\u00adlent to the annual water consump\u00adtion of more than 200,000 people, and almost 30,000 tons of pollut\u00adants were avoided, which is equi\u00adva\u00adlent to the annual waste gene\u00adra\u00adtion of 150,000 people.&nbsp;<\/p>\n<p><strong>Ran Land\u00admann,<\/strong> Part\u00adner and Chief Invest\u00adment Offi\u00adcer, and <strong>Nishan Srini\u00adva\u00adsan<\/strong>, Part\u00adner and Head of Origi\u00adna\u00adtion, said: \u201cWe are deligh\u00adted with the success of our offe\u00adring to provide access to finance for mid-market compa\u00adnies. Our enga\u00adge\u00adment with so many manage\u00adment teams, inves\u00adtors and family busi\u00adnesses proves that envi\u00adron\u00admen\u00adtal sustaina\u00adbi\u00adlity is a consis\u00adtent driver of growth.\u201d <strong>Laurent Donin de Rosi\u00e8re<\/strong>, Part\u00adner and Head of Inves\u00adtor Rela\u00adti\u00adons and Stra\u00adte\u00adgic Part\u00adner\u00adships, empha\u00adsi\u00adzed: \u201cThe demand from limi\u00adted part\u00adners for authen\u00adti\u00adcally sustainable invest\u00adments in the private credit sector is incre\u00adasing, which is a very posi\u00adtive development.\u201d<\/p>\n<p>&nbsp;<\/p>\n<p class=\"p\"><b>About Ambi\u00adenta<\/b><\/p>\n<p class=\"p\">Ambi\u00adenta is a Euro\u00adpean envi\u00adron\u00admen\u00adtal sustaina\u00adbi\u00adlity inves\u00adtor specia\u00adli\u00adzing in private equity, public markets and private credit. From Milan, London, Paris and Munich, Ambi\u00adenta mana\u00adges assets of more than 3 billion euros. The focus is on invest\u00adments in private and listed compa\u00adnies that are driven by envi\u00adron\u00admen\u00adtal mega\u00adtrends and whose products or services improve resource effi\u00adci\u00adency and envi\u00adron\u00admen\u00adtal protec\u00adtion. Ambi\u00adenta has made 75 private equity invest\u00adments to date. In the public equity sector, Ambi\u00adenta has laun\u00adched one of the worl\u00add\u2019s largest abso\u00adlute return funds fully focu\u00adsed on envi\u00adron\u00admen\u00adtal sustaina\u00adbi\u00adlity and mana\u00adges a whole range of other sustainable invest\u00adment products from low-risk multi-asset funds to long-only equity funds. Ambi\u00adenta has also recently laun\u00adched a private credit stra\u00adtegy, which \u2014 as with the other asset clas\u00adses \u2014 focu\u00adses on envi\u00adron\u00admen\u00adtal sustainability.<\/p>\n<p class=\"p\">As a pioneer, Ambi\u00adenta was one of the first signa\u00adto\u00adries to the Prin\u00adci\u00adples for Respon\u00adsi\u00adble Invest\u00adment (UN PRI) in 2012 and achie\u00adved Bene\u00adfit Corpo\u00adra\u00adtion (B Corp) status in 2019. In 2020, Ambi\u00adenta became a member of the Insti\u00adtu\u00adtio\u00adnal Inves\u00adtors Group on Climate Change (IIGCC), and in 2023 Ambi\u00adenta set another posi\u00adtive exam\u00adple for the indus\u00adtry by joining the Science-Based Targets Initia\u00adtive (SBTi) as one of the few asset mana\u00adgers to do so.   <a href=\"http:\/\/www.ambientasgr.com\/\">www.ambientasgr.com<\/a><\/p>\n<p class=\"p\"><b>About Ambi\u00adenta<\/b><\/p>\n<p class=\"p\">Ambi\u00adenta is a Euro\u00adpean envi\u00adron\u00admen\u00adtal sustaina\u00adbi\u00adlity inves\u00adtor specia\u00adli\u00adzing in private equity, public markets and private credit. From Milan, London, Paris and Munich, Ambi\u00adenta mana\u00adges assets of more than 3 billion euros. The focus is on invest\u00adments in private and listed compa\u00adnies that are driven by envi\u00adron\u00admen\u00adtal mega\u00adtrends and whose products or services improve resource effi\u00adci\u00adency and envi\u00adron\u00admen\u00adtal protec\u00adtion. Ambi\u00adenta has made 75 private equity invest\u00adments to date. In the public equity sector, Ambi\u00adenta has laun\u00adched one of the worl\u00add\u2019s largest abso\u00adlute return funds fully focu\u00adsed on envi\u00adron\u00admen\u00adtal sustaina\u00adbi\u00adlity and mana\u00adges a whole range of other sustainable invest\u00adment products from low-risk multi-asset funds to long-only equity funds. Ambi\u00adenta has also recently laun\u00adched a private credit stra\u00adtegy, which \u2014 as with the other asset clas\u00adses \u2014 focu\u00adses on envi\u00adron\u00admen\u00adtal sustainability.<\/p>\n<p class=\"p\">As a pioneer, Ambi\u00adenta was one of the first signa\u00adto\u00adries to the Prin\u00adci\u00adples for Respon\u00adsi\u00adble Invest\u00adment (UN PRI) in 2012 and achie\u00adved Bene\u00adfit Corpo\u00adra\u00adtion (B Corp) status in 2019. In 2020, Ambi\u00adenta became a member of the Insti\u00adtu\u00adtio\u00adnal Inves\u00adtors Group on Climate Change (IIGCC), and in 2023 Ambi\u00adenta set another posi\u00adtive exam\u00adple for the indus\u00adtry by joining the Science-Based Targets Initia\u00adtive (SBTi) as one of the few asset mana\u00adgers to do so.   <a href=\"http:\/\/www.ambientasgr.com\/\">www.ambientasgr.com<\/a><\/p>\n","protected":false},"excerpt":{"rendered":"<p>Milan\/London\/Paris\/Munich \u2014 Ambi\u00adenta SGR SpA (\u201cAmbi\u00adenta\u201d), one of Euro\u00adpe\u2019s largest and leading asset mana\u00adgers focu\u00adsed on envi\u00adron\u00admen\u00adtal sustaina\u00adbi\u00adlity, has been iden\u00adti\u00adfy\u00ading compel\u00adling invest\u00adment oppor\u00adtu\u00adni\u00adties in private credit since announ\u00adcing the first closing of the Ambi\u00adenta Sustainable Credit Oppor\u00adtu\u00adni\u00adties fund (\u201cAmbi\u00adenta Credit\u201d) in Janu\u00adary this year. Ambi\u00adenta Credit has scree\u00adned over 200 tran\u00adsac\u00adtions since the beginning&nbsp;[\u2026]<\/p>\n","protected":false},"author":2,"featured_media":52955,"comment_status":"closed","ping_status":"open","sticky":false,"template":"","format":"standard","meta":{"wp_typography_post_enhancements_disabled":false,"footnotes":""},"categories":[1365,1369,1381],"tags":[],"class_list":["post-52957","post","type-post","status-publish","format-standard","has-post-thumbnail","hentry","category-private-equity-en","category-investors","category-private-debt-mezzanine"],"yoast_head":"<!-- This site is optimized with the Yoast SEO plugin v25.1 - https:\/\/yoast.com\/wordpress\/plugins\/seo\/ -->\n<title>Ambienta continues growth course with sustainable credit fund - FYB Financial Yearbook<\/title>\n<meta name=\"description\" content=\"Milan\/London\/Paris\/Munich - Ambienta SGR SpA (&quot;Ambienta&quot;), one of Europe&#039;s largest and leading asset managers focused on environmental sustainability, has been identifying compelling investment opportunities in private credit since announcing the first closing of the Ambienta Sustainable Credit Opportunities fund in January this year. Ambienta Credit has reviewed over 200 transactions since the beginning of the year and has invested in six transactions.\" \/>\n<meta name=\"robots\" content=\"index, follow, max-snippet:-1, max-image-preview:large, max-video-preview:-1\" \/>\n<link rel=\"canonical\" href=\"https:\/\/www.fyb.de\/en\/ambienta-continues-growth-course-with-sustainable-credit-fund\/\" \/>\n<meta property=\"og:locale\" content=\"en_US\" \/>\n<meta property=\"og:type\" content=\"article\" \/>\n<meta property=\"og:title\" content=\"Ambienta continues growth course with sustainable credit fund - FYB Financial Yearbook\" \/>\n<meta property=\"og:description\" content=\"Milan\/London\/Paris\/Munich - Ambienta SGR SpA (&quot;Ambienta&quot;), one of Europe&#039;s largest and leading asset managers focused on environmental sustainability, has been identifying compelling investment opportunities in private credit since announcing the first closing of the Ambienta Sustainable Credit Opportunities fund in January this year. Ambienta Credit has reviewed over 200 transactions since the beginning of the year and has invested in six transactions.\" \/>\n<meta property=\"og:url\" content=\"https:\/\/www.fyb.de\/en\/ambienta-continues-growth-course-with-sustainable-credit-fund\/\" \/>\n<meta property=\"og:site_name\" content=\"FYB Financial Yearbook\" \/>\n<meta property=\"article:published_time\" content=\"2024-11-26T09:42:46+00:00\" \/>\n<meta property=\"article:modified_time\" content=\"2024-11-27T11:43:50+00:00\" \/>\n<meta property=\"og:image\" content=\"https:\/\/www.fyb.de\/wp-content\/uploads\/2024\/11\/laurent-de-rosiere-ambienta.jpg\" \/>\n\t<meta property=\"og:image:width\" content=\"801\" \/>\n\t<meta property=\"og:image:height\" content=\"575\" \/>\n\t<meta property=\"og:image:type\" content=\"image\/jpeg\" \/>\n<meta name=\"author\" content=\"Tatjana Anderer\" \/>\n<meta name=\"twitter:card\" content=\"summary_large_image\" \/>\n<meta name=\"twitter:label1\" content=\"Written by\" \/>\n\t<meta name=\"twitter:data1\" content=\"Tatjana Anderer\" \/>\n\t<meta name=\"twitter:label2\" content=\"Est. reading time\" \/>\n\t<meta name=\"twitter:data2\" content=\"4 minutes\" \/>\n<script type=\"application\/ld+json\" class=\"yoast-schema-graph\">{\"@context\":\"https:\/\/schema.org\",\"@graph\":[{\"@type\":\"Article\",\"@id\":\"https:\/\/www.fyb.de\/en\/ambienta-continues-growth-course-with-sustainable-credit-fund\/#article\",\"isPartOf\":{\"@id\":\"https:\/\/www.fyb.de\/en\/ambienta-continues-growth-course-with-sustainable-credit-fund\/\"},\"author\":{\"name\":\"Tatjana Anderer\",\"@id\":\"https:\/\/www.fyb.de\/en\/#\/schema\/person\/4308b3086925bc8567ceba3ebd69b4ce\"},\"headline\":\"Ambienta continues growth course with sustainable credit fund\",\"datePublished\":\"2024-11-26T09:42:46+00:00\",\"dateModified\":\"2024-11-27T11:43:50+00:00\",\"mainEntityOfPage\":{\"@id\":\"https:\/\/www.fyb.de\/en\/ambienta-continues-growth-course-with-sustainable-credit-fund\/\"},\"wordCount\":916,\"publisher\":{\"@id\":\"https:\/\/www.fyb.de\/en\/#organization\"},\"image\":{\"@id\":\"https:\/\/www.fyb.de\/en\/ambienta-continues-growth-course-with-sustainable-credit-fund\/#primaryimage\"},\"thumbnailUrl\":\"https:\/\/www.fyb.de\/wp-content\/uploads\/2024\/11\/laurent-de-rosiere-ambienta.jpg\",\"articleSection\":[\"Private equity\",\"Investors\",\"Private Debt, Mezzanine\"],\"inLanguage\":\"en-US\"},{\"@type\":\"WebPage\",\"@id\":\"https:\/\/www.fyb.de\/en\/ambienta-continues-growth-course-with-sustainable-credit-fund\/\",\"url\":\"https:\/\/www.fyb.de\/en\/ambienta-continues-growth-course-with-sustainable-credit-fund\/\",\"name\":\"Ambienta continues growth course with sustainable credit fund - FYB Financial Yearbook\",\"isPartOf\":{\"@id\":\"https:\/\/www.fyb.de\/en\/#website\"},\"primaryImageOfPage\":{\"@id\":\"https:\/\/www.fyb.de\/en\/ambienta-continues-growth-course-with-sustainable-credit-fund\/#primaryimage\"},\"image\":{\"@id\":\"https:\/\/www.fyb.de\/en\/ambienta-continues-growth-course-with-sustainable-credit-fund\/#primaryimage\"},\"thumbnailUrl\":\"https:\/\/www.fyb.de\/wp-content\/uploads\/2024\/11\/laurent-de-rosiere-ambienta.jpg\",\"datePublished\":\"2024-11-26T09:42:46+00:00\",\"dateModified\":\"2024-11-27T11:43:50+00:00\",\"description\":\"Milan\/London\/Paris\/Munich - Ambienta SGR SpA (\\\"Ambienta\\\"), one of Europe's largest and leading asset managers focused on environmental sustainability, has been identifying compelling investment opportunities in private credit since announcing the first closing of the Ambienta Sustainable Credit Opportunities fund in January this year. Ambienta Credit has reviewed over 200 transactions since the beginning of the year and has invested in six transactions.\",\"breadcrumb\":{\"@id\":\"https:\/\/www.fyb.de\/en\/ambienta-continues-growth-course-with-sustainable-credit-fund\/#breadcrumb\"},\"inLanguage\":\"en-US\",\"potentialAction\":[{\"@type\":\"ReadAction\",\"target\":[\"https:\/\/www.fyb.de\/en\/ambienta-continues-growth-course-with-sustainable-credit-fund\/\"]}]},{\"@type\":\"ImageObject\",\"inLanguage\":\"en-US\",\"@id\":\"https:\/\/www.fyb.de\/en\/ambienta-continues-growth-course-with-sustainable-credit-fund\/#primaryimage\",\"url\":\"https:\/\/www.fyb.de\/wp-content\/uploads\/2024\/11\/laurent-de-rosiere-ambienta.jpg\",\"contentUrl\":\"https:\/\/www.fyb.de\/wp-content\/uploads\/2024\/11\/laurent-de-rosiere-ambienta.jpg\",\"width\":801,\"height\":575,\"caption\":\"Laurent de Rosi\u00e8re, Head of Investor Relations and Strategic Partnerships bei Ambienta \/ Weiterer Text \u00fcber ots und www.presseportal.de\/nr\/161453 \/ Die Verwendung dieses Bildes f\u00fcr redaktionelle Zwecke ist unter Beachtung aller mitgeteilten Nutzungsbedingungen zul\u00e4ssig und dann auch honorarfrei. Ver\u00f6ffentlichung ausschlie\u00dflich mit Bildrechte-Hinweis.\"},{\"@type\":\"BreadcrumbList\",\"@id\":\"https:\/\/www.fyb.de\/en\/ambienta-continues-growth-course-with-sustainable-credit-fund\/#breadcrumb\",\"itemListElement\":[{\"@type\":\"ListItem\",\"position\":1,\"name\":\"Home\",\"item\":\"https:\/\/www.fyb.de\/en\/\"},{\"@type\":\"ListItem\",\"position\":2,\"name\":\"Ambienta continues growth course with sustainable credit fund\"}]},{\"@type\":\"WebSite\",\"@id\":\"https:\/\/www.fyb.de\/en\/#website\",\"url\":\"https:\/\/www.fyb.de\/en\/\",\"name\":\"FYB Financial Yearbook\",\"description\":\"For Your Business\",\"publisher\":{\"@id\":\"https:\/\/www.fyb.de\/en\/#organization\"},\"potentialAction\":[{\"@type\":\"SearchAction\",\"target\":{\"@type\":\"EntryPoint\",\"urlTemplate\":\"https:\/\/www.fyb.de\/en\/?s={search_term_string}\"},\"query-input\":{\"@type\":\"PropertyValueSpecification\",\"valueRequired\":true,\"valueName\":\"search_term_string\"}}],\"inLanguage\":\"en-US\"},{\"@type\":\"Organization\",\"@id\":\"https:\/\/www.fyb.de\/en\/#organization\",\"name\":\"FYB Financial Yearbook\",\"url\":\"https:\/\/www.fyb.de\/en\/\",\"logo\":{\"@type\":\"ImageObject\",\"inLanguage\":\"en-US\",\"@id\":\"https:\/\/www.fyb.de\/en\/#\/schema\/logo\/image\/\",\"url\":\"https:\/\/www.fyb.de\/wp-content\/uploads\/2020\/06\/logo.svg\",\"contentUrl\":\"https:\/\/www.fyb.de\/wp-content\/uploads\/2020\/06\/logo.svg\",\"caption\":\"FYB Financial Yearbook\"},\"image\":{\"@id\":\"https:\/\/www.fyb.de\/en\/#\/schema\/logo\/image\/\"}},{\"@type\":\"Person\",\"@id\":\"https:\/\/www.fyb.de\/en\/#\/schema\/person\/4308b3086925bc8567ceba3ebd69b4ce\",\"name\":\"Tatjana Anderer\",\"image\":{\"@type\":\"ImageObject\",\"inLanguage\":\"en-US\",\"@id\":\"https:\/\/www.fyb.de\/en\/#\/schema\/person\/image\/\",\"url\":\"https:\/\/secure.gravatar.com\/avatar\/11708a5289b743e6290bae8e4109e97efec1cb1ae5c7065f0bfc5c36f28c7757?s=96&d=mm&r=g\",\"contentUrl\":\"https:\/\/secure.gravatar.com\/avatar\/11708a5289b743e6290bae8e4109e97efec1cb1ae5c7065f0bfc5c36f28c7757?s=96&d=mm&r=g\",\"caption\":\"Tatjana Anderer\"},\"description\":\"Gr\u00fcnderin des FYB-Verlag\",\"sameAs\":[\"http:\/\/neu.fyb.de\"],\"url\":\"https:\/\/www.fyb.de\/en\/author\/tanderer\/\"}]}<\/script>\n<!-- \/ Yoast SEO plugin. -->","yoast_head_json":{"title":"Ambienta continues growth course with sustainable credit fund - FYB Financial Yearbook","description":"Milan\/London\/Paris\/Munich - Ambienta SGR SpA (\"Ambienta\"), one of Europe's largest and leading asset managers focused on environmental sustainability, has been identifying compelling investment opportunities in private credit since announcing the first closing of the Ambienta Sustainable Credit Opportunities fund in January this year. Ambienta Credit has reviewed over 200 transactions since the beginning of the year and has invested in six transactions.","robots":{"index":"index","follow":"follow","max-snippet":"max-snippet:-1","max-image-preview":"max-image-preview:large","max-video-preview":"max-video-preview:-1"},"canonical":"https:\/\/www.fyb.de\/en\/ambienta-continues-growth-course-with-sustainable-credit-fund\/","og_locale":"en_US","og_type":"article","og_title":"Ambienta continues growth course with sustainable credit fund - FYB Financial Yearbook","og_description":"Milan\/London\/Paris\/Munich - Ambienta SGR SpA (\"Ambienta\"), one of Europe's largest and leading asset managers focused on environmental sustainability, has been identifying compelling investment opportunities in private credit since announcing the first closing of the Ambienta Sustainable Credit Opportunities fund in January this year. Ambienta Credit has reviewed over 200 transactions since the beginning of the year and has invested in six transactions.","og_url":"https:\/\/www.fyb.de\/en\/ambienta-continues-growth-course-with-sustainable-credit-fund\/","og_site_name":"FYB Financial Yearbook","article_published_time":"2024-11-26T09:42:46+00:00","article_modified_time":"2024-11-27T11:43:50+00:00","og_image":[{"width":801,"height":575,"url":"https:\/\/www.fyb.de\/wp-content\/uploads\/2024\/11\/laurent-de-rosiere-ambienta.jpg","type":"image\/jpeg"}],"author":"Tatjana Anderer","twitter_card":"summary_large_image","twitter_misc":{"Written by":"Tatjana Anderer","Est. reading time":"4 minutes"},"schema":{"@context":"https:\/\/schema.org","@graph":[{"@type":"Article","@id":"https:\/\/www.fyb.de\/en\/ambienta-continues-growth-course-with-sustainable-credit-fund\/#article","isPartOf":{"@id":"https:\/\/www.fyb.de\/en\/ambienta-continues-growth-course-with-sustainable-credit-fund\/"},"author":{"name":"Tatjana Anderer","@id":"https:\/\/www.fyb.de\/en\/#\/schema\/person\/4308b3086925bc8567ceba3ebd69b4ce"},"headline":"Ambienta continues growth course with sustainable credit fund","datePublished":"2024-11-26T09:42:46+00:00","dateModified":"2024-11-27T11:43:50+00:00","mainEntityOfPage":{"@id":"https:\/\/www.fyb.de\/en\/ambienta-continues-growth-course-with-sustainable-credit-fund\/"},"wordCount":916,"publisher":{"@id":"https:\/\/www.fyb.de\/en\/#organization"},"image":{"@id":"https:\/\/www.fyb.de\/en\/ambienta-continues-growth-course-with-sustainable-credit-fund\/#primaryimage"},"thumbnailUrl":"https:\/\/www.fyb.de\/wp-content\/uploads\/2024\/11\/laurent-de-rosiere-ambienta.jpg","articleSection":["Private equity","Investors","Private Debt, Mezzanine"],"inLanguage":"en-US"},{"@type":"WebPage","@id":"https:\/\/www.fyb.de\/en\/ambienta-continues-growth-course-with-sustainable-credit-fund\/","url":"https:\/\/www.fyb.de\/en\/ambienta-continues-growth-course-with-sustainable-credit-fund\/","name":"Ambienta continues growth course with sustainable credit fund - FYB Financial Yearbook","isPartOf":{"@id":"https:\/\/www.fyb.de\/en\/#website"},"primaryImageOfPage":{"@id":"https:\/\/www.fyb.de\/en\/ambienta-continues-growth-course-with-sustainable-credit-fund\/#primaryimage"},"image":{"@id":"https:\/\/www.fyb.de\/en\/ambienta-continues-growth-course-with-sustainable-credit-fund\/#primaryimage"},"thumbnailUrl":"https:\/\/www.fyb.de\/wp-content\/uploads\/2024\/11\/laurent-de-rosiere-ambienta.jpg","datePublished":"2024-11-26T09:42:46+00:00","dateModified":"2024-11-27T11:43:50+00:00","description":"Milan\/London\/Paris\/Munich - Ambienta SGR SpA (\"Ambienta\"), one of Europe's largest and leading asset managers focused on environmental sustainability, has been identifying compelling investment opportunities in private credit since announcing the first closing of the Ambienta Sustainable Credit Opportunities fund in January this year. Ambienta Credit has reviewed over 200 transactions since the beginning of the year and has invested in six transactions.","breadcrumb":{"@id":"https:\/\/www.fyb.de\/en\/ambienta-continues-growth-course-with-sustainable-credit-fund\/#breadcrumb"},"inLanguage":"en-US","potentialAction":[{"@type":"ReadAction","target":["https:\/\/www.fyb.de\/en\/ambienta-continues-growth-course-with-sustainable-credit-fund\/"]}]},{"@type":"ImageObject","inLanguage":"en-US","@id":"https:\/\/www.fyb.de\/en\/ambienta-continues-growth-course-with-sustainable-credit-fund\/#primaryimage","url":"https:\/\/www.fyb.de\/wp-content\/uploads\/2024\/11\/laurent-de-rosiere-ambienta.jpg","contentUrl":"https:\/\/www.fyb.de\/wp-content\/uploads\/2024\/11\/laurent-de-rosiere-ambienta.jpg","width":801,"height":575,"caption":"Laurent de Rosi\u00e8re, Head of Investor Relations and Strategic Partnerships bei Ambienta \/ Weiterer Text \u00fcber ots und www.presseportal.de\/nr\/161453 \/ Die Verwendung dieses Bildes f\u00fcr redaktionelle Zwecke ist unter Beachtung aller mitgeteilten Nutzungsbedingungen zul\u00e4ssig und dann auch honorarfrei. Ver\u00f6ffentlichung ausschlie\u00dflich mit Bildrechte-Hinweis."},{"@type":"BreadcrumbList","@id":"https:\/\/www.fyb.de\/en\/ambienta-continues-growth-course-with-sustainable-credit-fund\/#breadcrumb","itemListElement":[{"@type":"ListItem","position":1,"name":"Home","item":"https:\/\/www.fyb.de\/en\/"},{"@type":"ListItem","position":2,"name":"Ambienta continues growth course with sustainable credit fund"}]},{"@type":"WebSite","@id":"https:\/\/www.fyb.de\/en\/#website","url":"https:\/\/www.fyb.de\/en\/","name":"FYB Financial Yearbook","description":"For Your Business","publisher":{"@id":"https:\/\/www.fyb.de\/en\/#organization"},"potentialAction":[{"@type":"SearchAction","target":{"@type":"EntryPoint","urlTemplate":"https:\/\/www.fyb.de\/en\/?s={search_term_string}"},"query-input":{"@type":"PropertyValueSpecification","valueRequired":true,"valueName":"search_term_string"}}],"inLanguage":"en-US"},{"@type":"Organization","@id":"https:\/\/www.fyb.de\/en\/#organization","name":"FYB Financial Yearbook","url":"https:\/\/www.fyb.de\/en\/","logo":{"@type":"ImageObject","inLanguage":"en-US","@id":"https:\/\/www.fyb.de\/en\/#\/schema\/logo\/image\/","url":"https:\/\/www.fyb.de\/wp-content\/uploads\/2020\/06\/logo.svg","contentUrl":"https:\/\/www.fyb.de\/wp-content\/uploads\/2020\/06\/logo.svg","caption":"FYB Financial Yearbook"},"image":{"@id":"https:\/\/www.fyb.de\/en\/#\/schema\/logo\/image\/"}},{"@type":"Person","@id":"https:\/\/www.fyb.de\/en\/#\/schema\/person\/4308b3086925bc8567ceba3ebd69b4ce","name":"Tatjana Anderer","image":{"@type":"ImageObject","inLanguage":"en-US","@id":"https:\/\/www.fyb.de\/en\/#\/schema\/person\/image\/","url":"https:\/\/secure.gravatar.com\/avatar\/11708a5289b743e6290bae8e4109e97efec1cb1ae5c7065f0bfc5c36f28c7757?s=96&d=mm&r=g","contentUrl":"https:\/\/secure.gravatar.com\/avatar\/11708a5289b743e6290bae8e4109e97efec1cb1ae5c7065f0bfc5c36f28c7757?s=96&d=mm&r=g","caption":"Tatjana Anderer"},"description":"Gr\u00fcnderin des FYB-Verlag","sameAs":["http:\/\/neu.fyb.de"],"url":"https:\/\/www.fyb.de\/en\/author\/tanderer\/"}]}},"_links":{"self":[{"href":"https:\/\/www.fyb.de\/en\/wp-json\/wp\/v2\/posts\/52957","targetHints":{"allow":["GET"]}}],"collection":[{"href":"https:\/\/www.fyb.de\/en\/wp-json\/wp\/v2\/posts"}],"about":[{"href":"https:\/\/www.fyb.de\/en\/wp-json\/wp\/v2\/types\/post"}],"author":[{"embeddable":true,"href":"https:\/\/www.fyb.de\/en\/wp-json\/wp\/v2\/users\/2"}],"replies":[{"embeddable":true,"href":"https:\/\/www.fyb.de\/en\/wp-json\/wp\/v2\/comments?post=52957"}],"version-history":[{"count":1,"href":"https:\/\/www.fyb.de\/en\/wp-json\/wp\/v2\/posts\/52957\/revisions"}],"predecessor-version":[{"id":52958,"href":"https:\/\/www.fyb.de\/en\/wp-json\/wp\/v2\/posts\/52957\/revisions\/52958"}],"wp:featuredmedia":[{"embeddable":true,"href":"https:\/\/www.fyb.de\/en\/wp-json\/wp\/v2\/media\/52955"}],"wp:attachment":[{"href":"https:\/\/www.fyb.de\/en\/wp-json\/wp\/v2\/media?parent=52957"}],"wp:term":[{"taxonomy":"category","embeddable":true,"href":"https:\/\/www.fyb.de\/en\/wp-json\/wp\/v2\/categories?post=52957"},{"taxonomy":"post_tag","embeddable":true,"href":"https:\/\/www.fyb.de\/en\/wp-json\/wp\/v2\/tags?post=52957"}],"curies":[{"name":"wp","href":"https:\/\/api.w.org\/{rel}","templated":true}]}}